{"id":930,"date":"2018-11-12T06:57:33","date_gmt":"2018-11-12T06:57:33","guid":{"rendered":"https:\/\/www.musikfreunde-siersburg.de\/?p=930"},"modified":"2018-11-12T06:57:33","modified_gmt":"2018-11-12T06:57:33","slug":"artikel-amtsblatt-kw-46-2018","status":"publish","type":"post","link":"https:\/\/musikfreunde-siersburg.de\/?p=930","title":{"rendered":"Artikel Amtsblatt KW 46\/2018"},"content":{"rendered":"<p>n\u00e4chste Termine:<\/p>\n<p><strong>Freitag, 16.11.2018<\/strong><\/p>\n<p>19:30h\u00a0 Probe<\/p>\n<p><strong>Sonntag, 18.11.2018<\/strong><\/p>\n<p>11:00h\u00a0 Volkstrauertag (TP 10:00h Proberaum)<\/p>\n<p><strong>Montag, 19.11.2018<\/strong><\/p>\n<p>19:30h\u00a0 Probe Roden<\/p>\n<p><!--more--><\/p>\n<p><strong>Einladung zur Hauptversammlung am 26.11.2018:<\/strong><\/p>\n<p>Am Sonntag, 25.11.2018, l\u00e4dt der Verein der Musikfreunde Siersburg um 16.00 Uhr seine Mitglieder satzungsgem\u00e4\u00df zur Generalversammlung (ins Vereinshaus) ein. Mit der Bitte um zahlreiche Teilnahme. Termin bitte vormerken \u2013 <em><u>pers\u00f6nliche Einladungen ergehen nicht<\/u><\/em>!<\/p>\n<p><strong>Tagesordnung:<\/strong><\/p>\n<p>&nbsp;<\/p>\n<ul>\n<li><b><strong>Begr\u00fc\u00dfung durch den Vorsitzenden, Gesch\u00e4ftsbericht<\/strong><strong>\u00a0<\/strong><\/b><\/li>\n<\/ul>\n<ul>\n<li><strong>Kassenbericht der Schatzmeisterin; Bericht der Kassenpr\u00fcfer<\/strong><strong>\u00a0<\/strong><\/li>\n<\/ul>\n<ul>\n<li><strong>Aussprache zu 1. und 2.<\/strong><strong>\u00a0<\/strong><\/li>\n<\/ul>\n<ul>\n<li><strong>Wahl eines Versammlungsleiters<\/strong><strong>\u00a0<\/strong><\/li>\n<\/ul>\n<ul>\n<li><strong>Entlastung des Vorstandes<\/strong><strong>\u00a0<\/strong><\/li>\n<\/ul>\n<ul>\n<li><strong>Vorstandswahlen<\/strong><strong>\u00a0<\/strong><\/li>\n<\/ul>\n<ul>\n<li><strong>Neuwahl der Kassenpr\u00fcfer<\/strong><strong>\u00a0<\/strong><\/li>\n<\/ul>\n<ul>\n<li><strong>R\u00fcckblick; Ausblick<\/strong><strong>\u00a0<\/strong><\/li>\n<\/ul>\n<ul>\n<li><strong>Verschiedenes<\/strong><\/li>\n<\/ul>\n<p>&nbsp;<\/p>\n<p>&nbsp;<\/p>\n","protected":false},"excerpt":{"rendered":"<p>n\u00e4chste Termine: Freitag, 16.11.2018 19:30h\u00a0 Probe Sonntag, 18.11.2018 11:00h\u00a0 Volkstrauertag (TP 10:00h Proberaum) Montag, 19.11.2018 19:30h\u00a0 Probe Roden<\/p>\n","protected":false},"author":6,"featured_media":0,"comment_status":"closed","ping_status":"closed","sticky":false,"template":"","format":"standard","meta":{"footnotes":""},"categories":[1],"tags":[],"class_list":["post-930","post","type-post","status-publish","format-standard","hentry","category-aktuelles"],"_links":{"self":[{"href":"https:\/\/musikfreunde-siersburg.de\/index.php?rest_route=\/wp\/v2\/posts\/930","targetHints":{"allow":["GET"]}}],"collection":[{"href":"https:\/\/musikfreunde-siersburg.de\/index.php?rest_route=\/wp\/v2\/posts"}],"about":[{"href":"https:\/\/musikfreunde-siersburg.de\/index.php?rest_route=\/wp\/v2\/types\/post"}],"author":[{"embeddable":true,"href":"https:\/\/musikfreunde-siersburg.de\/index.php?rest_route=\/wp\/v2\/users\/6"}],"replies":[{"embeddable":true,"href":"https:\/\/musikfreunde-siersburg.de\/index.php?rest_route=%2Fwp%2Fv2%2Fcomments&post=930"}],"version-history":[{"count":1,"href":"https:\/\/musikfreunde-siersburg.de\/index.php?rest_route=\/wp\/v2\/posts\/930\/revisions"}],"predecessor-version":[{"id":931,"href":"https:\/\/musikfreunde-siersburg.de\/index.php?rest_route=\/wp\/v2\/posts\/930\/revisions\/931"}],"wp:attachment":[{"href":"https:\/\/musikfreunde-siersburg.de\/index.php?rest_route=%2Fwp%2Fv2%2Fmedia&parent=930"}],"wp:term":[{"taxonomy":"category","embeddable":true,"href":"https:\/\/musikfreunde-siersburg.de\/index.php?rest_route=%2Fwp%2Fv2%2Fcategories&post=930"},{"taxonomy":"post_tag","embeddable":true,"href":"https:\/\/musikfreunde-siersburg.de\/index.php?rest_route=%2Fwp%2Fv2%2Ftags&post=930"}],"curies":[{"name":"wp","href":"https:\/\/api.w.org\/{rel}","templated":true}]}}